{"id":9956,"global_id":"atemhaus-hubertushof.de\/ru?id=9956","global_id_lineage":["atemhaus-hubertushof.de\/ru?id=9956"],"author":"6","status":"publish","date":"2024-01-23 22:52:14","date_utc":"2024-01-23 21:52:14","modified":"2025-02-25 11:05:21","modified_utc":"2025-02-25 10:05:21","url":"https:\/\/atemhaus-hubertushof.de\/ru\/veranstaltungen\/die-masken-meines-lebens-masken-die-wir-tragen\/","rest_url":"https:\/\/atemhaus-hubertushof.de\/ru\/wp-json\/tribe\/events\/v1\/events\/9956","title":"Beziehungstraining: Kommunikation und Grenzen setzen","description":"<div  class=\"tribe-events-schedule tribe-clearfix\" >\n\t<p class=\"tribe-events-schedule__datetime\">\n\t\t<span class=\"tribe-events-schedule__date tribe-events-schedule__date--start\">\n\t\t\t\t\t<\/span>\n\n\t\t\t\t\t<span class=\"tribe-events-schedule__separator tribe-events-schedule__separator--date\">\n\t\t\t\tum\t\t\t<\/span>\n\t\t\t<span class=\"tribe-events-schedule__time tribe-events-schedule__time--start\">\n\t\t\t\t\t\t\t<\/span>\n\t\t\n\t\t\t<\/p>\n<\/div>\n\n\n\n<p>Unsere pers\u00f6nlichen Grenzen sch\u00fctzen unseren Werten, \u00dcberzeugungen und Einstellungen. Sie sorgen daf\u00fcr, dass wir nicht \u00fcberfordert oder \u00fcbervorteilt werden, und sch\u00fctzen uns vor Entt\u00e4uschungen oder Schmerzen. Wenn wir uns klar sind \u00fcber unsere pers\u00f6nlichen Grenzen, dann ist es leichter sie zu kommunizieren, anderen gegen\u00fcber durchzusetzen, sei es in der Intimpartnerschaft, dem Arbeitsumfeld, sowie im Freundeskreis oder bei Bekannten. Zu wissen wer man ist und was man will, dies ohne Angst ausdr\u00fccken zu k\u00f6nnen und nicht von anderen \u00fcberrollt oder zu deren Zwecken ben\u00fctzt zu werden, bringt neue Lebensqualit\u00e4t.<\/p>\n\n\n<div  class=\"tribe-block tribe-block__event-price\" >\n\t\t<\/div>\n\n\n<div  class=\"tribe-block tribe-block__organizer__details tribe-clearfix\" >\n\t<div class=\"tribe-block__organizer__title\">\n\t\t<h3>&#8222;InBreath&#8220; Institut f\u00fcr Atemtherapie und transformelles Wachstum<\/h3>\n\t<\/div>\n\t\t\t<p class=\"tribe-block__organizer__phone\">+49 9642 &#8211; 6913 100<\/p>\n\t\t\t\t<p class=\"tribe-block__organizer__website\"><a href=\"https:\/\/www.inbreath.org\" target=\"_blank\" rel=\"noopener noreferrer\">\u041f\u043e\u0441\u043c\u043e\u0442\u0440\u0435\u0442\u044c \u041e\u0440\u0433\u0430\u043d\u0438\u0437\u0430\u0442\u043e\u0440 \u0441\u0430\u0439\u0442<\/a><\/p>\n\t\t\t\t<p class=\"tribe-block__organizer__email\">i&#110;fo&#064;&#105;nbre&#097;&#116;h&#046;&#111;&#114;&#103;<\/p>\n\t<\/div>\n\n\n<div  class=\"tribe-block tribe-block__venue tribe-clearfix tribe-block__venue--has-map\" >\n\t\n\t\t\n<div class=\"tribe-block__venue__map\">\n\t\n<iframe\n  title=\"Google maps iframe \u043e\u0442\u043e\u0431\u0440\u0430\u0436\u0430\u0435\u0442 \u0430\u0434\u0440\u0435\u0441: Atemhaus Hubertushof\"\n  aria-label=\"\u041a\u0430\u0440\u0442\u0430 \u0440\u0430\u0441\u043f\u043e\u043b\u043e\u0436\u0435\u043d\u0438\u044f \u043c\u0435\u0441\u0442\u0430 \u043f\u0440\u043e\u0432\u0435\u0434\u0435\u043d\u0438\u044f\"\n  width=\"310px\"\n  height=\"256px\"\n  frameborder=\"0\" style=\"border:0\"\n  src=\"https:\/\/www.google.com\/maps\/embed\/v1\/place?key=AIzaSyDNsicAsP6-VuGtAb1O9riI3oc_NOb7IOU&#038;q=Poppenberg+5+Immenreuth+Bayern+95505+Deutschland+&#038;zoom=10\" allowfullscreen>\n<\/iframe>\n<\/div>\n\n\t<\/div>\n\n\n\n\n\t<div  class=\"tribe-block tribe-block__events-link\" >\n\t\t<div class=\"tribe-events tribe-common\">\n\t\t\t<div class=\"tribe-events-c-subscribe-dropdown__container\">\n\t\t\t\t<div class=\"tribe-events-c-subscribe-dropdown\">\n\t\t\t\t\t<div class=\"tribe-common-c-btn-border tribe-events-c-subscribe-dropdown__button\">\n\t\t\t\t\t\t<svg\n\t class=\"tribe-common-c-svgicon tribe-common-c-svgicon--cal-export tribe-events-c-subscribe-dropdown__export-icon\" \taria-hidden=\"true\"\n\tviewBox=\"0 0 23 17\"\n\txmlns=\"http:\/\/www.w3.org\/2000\/svg\"\n>\n\t<path fill-rule=\"evenodd\" clip-rule=\"evenodd\" d=\"M.128.896V16.13c0 .211.145.383.323.383h15.354c.179 0 .323-.172.323-.383V.896c0-.212-.144-.383-.323-.383H.451C.273.513.128.684.128.896Zm16 6.742h-.901V4.679H1.009v10.729h14.218v-3.336h.901V7.638ZM1.01 1.614h14.218v2.058H1.009V1.614Z\" \/>\n\t<path d=\"M20.5 9.846H8.312M18.524 6.953l2.89 2.909-2.855 2.855\" stroke-width=\"1.2\" stroke-linecap=\"round\" stroke-linejoin=\"round\"\/>\n<\/svg>\n\t\t\t\t\t\t<button\n\t\t\t\t\t\t\tclass=\"tribe-events-c-subscribe-dropdown__button-text\"\n\t\t\t\t\t\t\taria-expanded=\"false\"\n\t\t\t\t\t\t\taria-controls=\"tribe-events-subscribe-dropdown-content\"\n\t\t\t\t\t\t\taria-label=\"\u041f\u0440\u043e\u0441\u043c\u043e\u0442\u0440 \u0441\u0441\u044b\u043b\u043e\u043a \u0434\u043b\u044f \u0434\u043e\u0431\u0430\u0432\u043b\u0435\u043d\u0438\u044f \u0441\u043e\u0431\u044b\u0442\u0438\u0439 \u0432 \u0441\u0432\u043e\u0439 \u043a\u0430\u043b\u0435\u043d\u0434\u0430\u0440\u044c\"\n\t\t\t\t\t\t>\n\t\t\t\t\t\t\t\u0414\u043e\u0431\u0430\u0432\u0438\u0442\u044c \u0432 \u043a\u0430\u043b\u0435\u043d\u0434\u0430\u0440\u044c\t\t\t\t\t\t<\/button>\n\t\t\t\t\t\t<svg\n\t class=\"tribe-common-c-svgicon tribe-common-c-svgicon--caret-down tribe-events-c-subscribe-dropdown__button-icon\" \taria-hidden=\"true\"\n\tviewBox=\"0 0 10 7\"\n\txmlns=\"http:\/\/www.w3.org\/2000\/svg\"\n>\n\t<path fill-rule=\"evenodd\" clip-rule=\"evenodd\" d=\"M1.008.609L5 4.6 8.992.61l.958.958L5 6.517.05 1.566l.958-.958z\" class=\"tribe-common-c-svgicon__svg-fill\"\/>\n<\/svg>\n\t\t\t\t\t<\/div>\n\t\t\t\t\t<div id=\"tribe-events-subscribe-dropdown-content\" class=\"tribe-events-c-subscribe-dropdown__content\">\n\t\t\t\t\t\t<ul class=\"tribe-events-c-subscribe-dropdown__list\">\n\t\t\t\t\t\t\t\t\t\t\t\t\t\t\t<li class=\"tribe-events-c-subscribe-dropdown__list-item tribe-events-c-subscribe-dropdown__list-item--gcal\">\n\t\t\t\t\t\t\t\t\t<a\n\t\t\t\t\t\t\t\t\t\thref=\"\"\n\t\t\t\t\t\t\t\t\t\tclass=\"tribe-events-c-subscribe-dropdown__list-item-link\"\n\t\t\t\t\t\t\t\t\t\ttarget=\"_blank\"\n\t\t\t\t\t\t\t\t\t\trel=\"noopener noreferrer nofollow noindex\"\n\t\t\t\t\t\t\t\t\t>\n\t\t\t\t\t\t\t\t\t\t\u041a\u0430\u043b\u0435\u043d\u0434\u0430\u0440\u044c Google\t\t\t\t\t\t\t\t\t<\/a>\n\t\t\t\t\t\t\t\t<\/li>\n\t\t\t\t\t\t\t\t\t\t\t\t\t\t\t<li class=\"tribe-events-c-subscribe-dropdown__list-item tribe-events-c-subscribe-dropdown__list-item--ical\">\n\t\t\t\t\t\t\t\t\t<a\n\t\t\t\t\t\t\t\t\t\thref=\"\"\n\t\t\t\t\t\t\t\t\t\tclass=\"tribe-events-c-subscribe-dropdown__list-item-link\"\n\t\t\t\t\t\t\t\t\t\ttarget=\"_blank\"\n\t\t\t\t\t\t\t\t\t\trel=\"noopener noreferrer nofollow noindex\"\n\t\t\t\t\t\t\t\t\t>\n\t\t\t\t\t\t\t\t\t\tiCalendar\t\t\t\t\t\t\t\t\t<\/a>\n\t\t\t\t\t\t\t\t<\/li>\n\t\t\t\t\t\t\t\t\t\t\t\t\t\t\t<li class=\"tribe-events-c-subscribe-dropdown__list-item tribe-events-c-subscribe-dropdown__list-item--outlook-365\">\n\t\t\t\t\t\t\t\t\t<a\n\t\t\t\t\t\t\t\t\t\thref=\"\"\n\t\t\t\t\t\t\t\t\t\tclass=\"tribe-events-c-subscribe-dropdown__list-item-link\"\n\t\t\t\t\t\t\t\t\t\ttarget=\"_blank\"\n\t\t\t\t\t\t\t\t\t\trel=\"noopener noreferrer nofollow noindex\"\n\t\t\t\t\t\t\t\t\t>\n\t\t\t\t\t\t\t\t\t\tOutlook 365\t\t\t\t\t\t\t\t\t<\/a>\n\t\t\t\t\t\t\t\t<\/li>\n\t\t\t\t\t\t\t\t\t\t\t\t\t\t\t<li class=\"tribe-events-c-subscribe-dropdown__list-item tribe-events-c-subscribe-dropdown__list-item--outlook-live\">\n\t\t\t\t\t\t\t\t\t<a\n\t\t\t\t\t\t\t\t\t\thref=\"\"\n\t\t\t\t\t\t\t\t\t\tclass=\"tribe-events-c-subscribe-dropdown__list-item-link\"\n\t\t\t\t\t\t\t\t\t\ttarget=\"_blank\"\n\t\t\t\t\t\t\t\t\t\trel=\"noopener noreferrer nofollow noindex\"\n\t\t\t\t\t\t\t\t\t>\n\t\t\t\t\t\t\t\t\t\tOutlook Live\t\t\t\t\t\t\t\t\t<\/a>\n\t\t\t\t\t\t\t\t<\/li>\n\t\t\t\t\t\t\t\t\t\t\t\t\t<\/ul>\n\t\t\t\t\t<\/div>\n\t\t\t\t<\/div>\n\t\t\t<\/div>\n\t\t<\/div>\n\t<\/div>","excerpt":"","slug":"die-masken-meines-lebens-masken-die-wir-tragen","image":{"url":"https:\/\/atemhaus-hubertushof.de\/wp-content\/uploads\/Kein-Titel-10-x-10-cm1.png","id":11228,"extension":"png","width":1181,"height":1181,"filesize":1793618,"sizes":{"medium":{"width":300,"height":300,"mime-type":"image\/png","filesize":134032,"url":"https:\/\/atemhaus-hubertushof.de\/wp-content\/uploads\/Kein-Titel-10-x-10-cm1-300x300.png"},"large":{"width":1024,"height":1024,"mime-type":"image\/png","filesize":1203693,"url":"https:\/\/atemhaus-hubertushof.de\/wp-content\/uploads\/Kein-Titel-10-x-10-cm1-1024x1024.png"},"thumbnail":{"width":150,"height":150,"mime-type":"image\/png","filesize":40352,"url":"https:\/\/atemhaus-hubertushof.de\/wp-content\/uploads\/Kein-Titel-10-x-10-cm1-150x150.png"},"medium_large":{"width":768,"height":768,"mime-type":"image\/png","filesize":715994,"url":"https:\/\/atemhaus-hubertushof.de\/wp-content\/uploads\/Kein-Titel-10-x-10-cm1-768x768.png"},"trp-custom-language-flag":{"width":12,"height":12,"mime-type":"image\/png","filesize":659,"url":"https:\/\/atemhaus-hubertushof.de\/wp-content\/uploads\/Kein-Titel-10-x-10-cm1-12x12.png"},"cmplz_banner_image":{"width":350,"height":100,"mime-type":"image\/png","filesize":55703,"url":"https:\/\/atemhaus-hubertushof.de\/wp-content\/uploads\/Kein-Titel-10-x-10-cm1-350x100.png"}}},"all_day":false,"start_date":"2025-10-03 18:00:00","start_date_details":{"year":"2025","month":"10","day":"03","hour":"18","minutes":"00","seconds":"00"},"end_date":"2025-10-05 16:00:00","end_date_details":{"year":"2025","month":"10","day":"05","hour":"16","minutes":"00","seconds":"00"},"utc_start_date":"2025-10-03 16:00:00","utc_start_date_details":{"year":"2025","month":"10","day":"03","hour":"16","minutes":"00","seconds":"00"},"utc_end_date":"2025-10-05 14:00:00","utc_end_date_details":{"year":"2025","month":"10","day":"05","hour":"14","minutes":"00","seconds":"00"},"timezone":"Europe\/Berlin","timezone_abbr":"","cost":"","cost_details":{"currency_symbol":"\u20ac","currency_code":"EUR","currency_position":"prefix","values":[]},"website":"","show_map":false,"show_map_link":false,"hide_from_listings":false,"sticky":false,"featured":false,"categories":[],"tags":[],"venue":{"id":1270,"author":"4","status":"publish","date":"2022-01-18 19:39:58","date_utc":"2022-01-18 19:39:58","modified":"2023-12-18 10:25:51","modified_utc":"2023-12-18 09:25:51","url":"https:\/\/atemhaus-hubertushof.de\/ru\/%D0%BC%D0%B5%D1%81%D1%82%D0%BE-%D0%BF%D1%80%D0%BE%D0%B2%D0%B5%D0%B4%D0%B5%D0%BD%D0%B8%D1%8F\/atemhaus-hubertushof\/","venue":"Atemhaus Hubertushof","slug":"atemhaus-hubertushof","address":"Poppenberg 5","city":"Immenreuth","country":"Deutschland","province":"Bayern","zip":"95505","phone":"+49 9642 - 6913 100","stateprovince":"Bayern","json_ld":{"@type":"Place","name":"Atemhaus Hubertushof","description":"","url":"","address":{"@type":"PostalAddress","streetAddress":"Poppenberg 5","addressLocality":"Immenreuth","addressRegion":"Bayern","postalCode":"95505","addressCountry":"Deutschland"},"telephone":"+49 9642 - 6913 100","sameAs":""},"show_map":true,"show_map_link":true,"global_id":"atemhaus-hubertushof.de\/ru?id=1270","global_id_lineage":["atemhaus-hubertushof.de\/ru?id=1270"]},"organizer":[{"id":1271,"author":"4","status":"publish","date":"2022-01-18 19:39:58","date_utc":"2022-01-18 19:39:58","modified":"2022-01-18 19:39:58","modified_utc":"2022-01-18 19:39:58","url":"https:\/\/atemhaus-hubertushof.de\/ru\/%D0%BE%D1%80%D0%B3%D0%B0%D0%BD%D0%B8%D0%B7%D0%B0%D1%82%D0%BE%D1%80\/inbreath-institut-fuer-atemtherapie-und-transformelles-wachstum\/","organizer":"&#8222;InBreath&#8220; Institut f\u00fcr Atemtherapie und transformelles Wachstum","slug":"inbreath-institut-fuer-atemtherapie-und-transformelles-wachstum","phone":"+49 9642 - 6913 100","website":"https:\/\/www.inbreath.org","email":"info@inbreath.org","json_ld":{"@type":"Person","name":"&#8222;InBreath&#8220; Institut f\u00fcr Atemtherapie und transformelles Wachstum","description":"","url":"https:\/\/www.inbreath.org","telephone":"+49 9642 - 6913 100","email":"in&#102;&#111;&#64;&#105;n&#98;&#114;eath&#46;&#111;&#114;g","sameAs":"https:\/\/www.inbreath.org"},"global_id":"atemhaus-hubertushof.de\/ru?id=1271","global_id_lineage":["atemhaus-hubertushof.de\/ru?id=1271"]}],"custom_fields":[],"json_ld":{"@context":"http:\/\/schema.org","@type":"Event","name":"Beziehungstraining: Kommunikation und Grenzen setzen","description":"&lt;p&gt;Unsere pers\u00f6nlichen Grenzen sch\u00fctzen unseren Werten, \u00dcberzeugungen und Einstellungen. Sie sorgen daf\u00fcr, dass wir nicht \u00fcberfordert oder \u00fcbervorteilt werden, und sch\u00fctzen uns vor Entt\u00e4uschungen oder Schmerzen. Wenn wir uns klar&hellip;&lt;\/p&gt;\\n","image":"https:\/\/atemhaus-hubertushof.de\/wp-content\/uploads\/Kein-Titel-10-x-10-cm1.png","url":"https:\/\/atemhaus-hubertushof.de\/ru\/veranstaltungen\/die-masken-meines-lebens-masken-die-wir-tragen\/","eventAttendanceMode":"https:\/\/schema.org\/OfflineEventAttendanceMode","eventStatus":"https:\/\/schema.org\/EventScheduled","startDate":"2025-10-03T18:00:00+02:00","endDate":"2025-10-05T16:00:00+02:00","location":{"@type":"Place","name":"Atemhaus Hubertushof","description":"","url":"","address":{"@type":"PostalAddress","streetAddress":"Poppenberg 5","addressLocality":"Immenreuth","addressRegion":"Bayern","postalCode":"95505","addressCountry":"Deutschland"},"telephone":"+49 9642 - 6913 100","sameAs":""},"organizer":{"@type":"Person","name":"&#8222;InBreath&#8220; Institut f\u00fcr Atemtherapie und transformelles Wachstum","description":"","url":"https:\/\/www.inbreath.org","telephone":"+49 9642 - 6913 100","email":"in&#102;&#111;&#64;&#105;n&#98;r&#101;&#97;t&#104;.&#111;&#114;&#103;","sameAs":"https:\/\/www.inbreath.org"},"performer":"Organization"}}