{"id":9919,"global_id":"atemhaus-hubertushof.de\/en?id=9919","global_id_lineage":["atemhaus-hubertushof.de\/en?id=9919"],"author":"6","status":"publish","date":"2024-01-23 22:28:02","date_utc":"2024-01-23 21:28:02","modified":"2025-12-29 09:53:09","modified_utc":"2025-12-29 08:53:09","url":"https:\/\/atemhaus-hubertushof.de\/en\/veranstaltungen\/die-wunderbare-heilkraft-des-atems-2\/","rest_url":"https:\/\/atemhaus-hubertushof.de\/en\/wp-json\/tribe\/events\/v1\/events\/9919","title":"Die Wunderbare Heilkraft des Atems","description":"<div  class=\"tribe-events-schedule tribe-clearfix\" >\n\t<p class=\"tribe-events-schedule__datetime\">\n\t\t<span class=\"tribe-events-schedule__date tribe-events-schedule__date--start\">\n\t\t\t\t\t<\/span>\n\n\t\t\t\t\t<span class=\"tribe-events-schedule__separator tribe-events-schedule__separator--date\">\n\t\t\t\tum\t\t\t<\/span>\n\t\t\t<span class=\"tribe-events-schedule__time tribe-events-schedule__time--start\">\n\t\t\t\t\t\t\t<\/span>\n\t\t\n\t\t\t<\/p>\n<\/div>\n\n\n\n<p><strong>Einf\u00fchrung in die bewusste Atemarbeit (Atemtherapie)<\/strong><\/p>\n\n\n\n<p>Ein Wochenende mit Atem\u00fcbungen und K\u00f6rperarbeit sowie 2 integrativen Atemsitzungen mit toller Musikuntermalung. Stressabbau, Blockaden l\u00f6sen und frische Energie tanken sind unsere Ziele f\u00fcr diese Modul. Geeignet f\u00fcr alle die Transformation in ihrem Leben m\u00f6chten, Atemneulinge sowie erfahrene \u201eAtmer\u201d.<\/p>\n\n\n<div  class=\"tribe-block tribe-block__event-price\" >\n\t\t<\/div>\n\n\n<div  class=\"tribe-block tribe-block__organizer__details tribe-clearfix\" >\n\t<div class=\"tribe-block__organizer__title\">\n\t\t<h3>&#8222;InBreath&#8220; Institut f\u00fcr Atemtherapie und transformelles Wachstum<\/h3>\n\t<\/div>\n\t\t\t<p class=\"tribe-block__organizer__phone\">+49 9642 &#8211; 6913 100<\/p>\n\t\t\t\t<p class=\"tribe-block__organizer__website\"><a href=\"https:\/\/www.inbreath.org\" target=\"_blank\" rel=\"noopener noreferrer\">View Organiser Website<\/a><\/p>\n\t\t\t\t<p class=\"tribe-block__organizer__email\">&#105;&#110;f&#111;&#064;i&#110;&#098;&#114;ea&#116;h.org<\/p>\n\t<\/div>\n\n\n<div  class=\"tribe-block tribe-block__venue tribe-clearfix tribe-block__venue--has-map\" >\n\t\n\t\t\n<div class=\"tribe-block__venue__map\">\n\t\n<iframe\n  title=\"Google maps iframe displaying the address to Atemhaus Hubertushof\"\n  aria-label=\"Venue location map\"\n  width=\"310px\"\n  height=\"256px\"\n  frameborder=\"0\" style=\"border:0\"\n  src=\"https:\/\/www.google.com\/maps\/embed\/v1\/place?key=AIzaSyDNsicAsP6-VuGtAb1O9riI3oc_NOb7IOU&#038;q=Poppenberg+5+Immenreuth+Bayern+95505+Deutschland+&#038;zoom=10\" allowfullscreen>\n<\/iframe>\n<\/div>\n\n\t<\/div>\n\n\n\n\n\t<div  class=\"tribe-block tribe-block__events-link\" >\n\t\t<div class=\"tribe-events tribe-common\">\n\t\t\t<div class=\"tribe-events-c-subscribe-dropdown__container\">\n\t\t\t\t<div class=\"tribe-events-c-subscribe-dropdown\">\n\t\t\t\t\t<div class=\"tribe-common-c-btn-border tribe-events-c-subscribe-dropdown__button\">\n\t\t\t\t\t\t<svg\n\t class=\"tribe-common-c-svgicon tribe-common-c-svgicon--cal-export tribe-events-c-subscribe-dropdown__export-icon\" \taria-hidden=\"true\"\n\tviewBox=\"0 0 23 17\"\n\txmlns=\"http:\/\/www.w3.org\/2000\/svg\"\n>\n\t<path fill-rule=\"evenodd\" clip-rule=\"evenodd\" d=\"M.128.896V16.13c0 .211.145.383.323.383h15.354c.179 0 .323-.172.323-.383V.896c0-.212-.144-.383-.323-.383H.451C.273.513.128.684.128.896Zm16 6.742h-.901V4.679H1.009v10.729h14.218v-3.336h.901V7.638ZM1.01 1.614h14.218v2.058H1.009V1.614Z\" \/>\n\t<path d=\"M20.5 9.846H8.312M18.524 6.953l2.89 2.909-2.855 2.855\" stroke-width=\"1.2\" stroke-linecap=\"round\" stroke-linejoin=\"round\"\/>\n<\/svg>\n\t\t\t\t\t\t<button\n\t\t\t\t\t\t\tclass=\"tribe-events-c-subscribe-dropdown__button-text\"\n\t\t\t\t\t\t\taria-expanded=\"false\"\n\t\t\t\t\t\t\taria-controls=\"tribe-events-subscribe-dropdown-content\"\n\t\t\t\t\t\t\taria-label=\"View links to add events to your calendar\"\n\t\t\t\t\t\t>\n\t\t\t\t\t\t\tAdd to calendar\t\t\t\t\t\t<\/button>\n\t\t\t\t\t\t<svg\n\t class=\"tribe-common-c-svgicon tribe-common-c-svgicon--caret-down tribe-events-c-subscribe-dropdown__button-icon\" \taria-hidden=\"true\"\n\tviewBox=\"0 0 10 7\"\n\txmlns=\"http:\/\/www.w3.org\/2000\/svg\"\n>\n\t<path fill-rule=\"evenodd\" clip-rule=\"evenodd\" d=\"M1.008.609L5 4.6 8.992.61l.958.958L5 6.517.05 1.566l.958-.958z\" class=\"tribe-common-c-svgicon__svg-fill\"\/>\n<\/svg>\n\t\t\t\t\t<\/div>\n\t\t\t\t\t<div id=\"tribe-events-subscribe-dropdown-content\" class=\"tribe-events-c-subscribe-dropdown__content\">\n\t\t\t\t\t\t<ul class=\"tribe-events-c-subscribe-dropdown__list\">\n\t\t\t\t\t\t\t\t\t\t\t\t\t\t\t<li class=\"tribe-events-c-subscribe-dropdown__list-item tribe-events-c-subscribe-dropdown__list-item--gcal\">\n\t\t\t\t\t\t\t\t\t<a\n\t\t\t\t\t\t\t\t\t\thref=\"\"\n\t\t\t\t\t\t\t\t\t\tclass=\"tribe-events-c-subscribe-dropdown__list-item-link\"\n\t\t\t\t\t\t\t\t\t\ttarget=\"_blank\"\n\t\t\t\t\t\t\t\t\t\trel=\"noopener noreferrer nofollow noindex\"\n\t\t\t\t\t\t\t\t\t>\n\t\t\t\t\t\t\t\t\t\tGoogle Calendar\t\t\t\t\t\t\t\t\t<\/a>\n\t\t\t\t\t\t\t\t<\/li>\n\t\t\t\t\t\t\t\t\t\t\t\t\t\t\t<li class=\"tribe-events-c-subscribe-dropdown__list-item tribe-events-c-subscribe-dropdown__list-item--ical\">\n\t\t\t\t\t\t\t\t\t<a\n\t\t\t\t\t\t\t\t\t\thref=\"\"\n\t\t\t\t\t\t\t\t\t\tclass=\"tribe-events-c-subscribe-dropdown__list-item-link\"\n\t\t\t\t\t\t\t\t\t\ttarget=\"_blank\"\n\t\t\t\t\t\t\t\t\t\trel=\"noopener noreferrer nofollow noindex\"\n\t\t\t\t\t\t\t\t\t>\n\t\t\t\t\t\t\t\t\t\tiCalendar\t\t\t\t\t\t\t\t\t<\/a>\n\t\t\t\t\t\t\t\t<\/li>\n\t\t\t\t\t\t\t\t\t\t\t\t\t\t\t<li class=\"tribe-events-c-subscribe-dropdown__list-item tribe-events-c-subscribe-dropdown__list-item--outlook-365\">\n\t\t\t\t\t\t\t\t\t<a\n\t\t\t\t\t\t\t\t\t\thref=\"\"\n\t\t\t\t\t\t\t\t\t\tclass=\"tribe-events-c-subscribe-dropdown__list-item-link\"\n\t\t\t\t\t\t\t\t\t\ttarget=\"_blank\"\n\t\t\t\t\t\t\t\t\t\trel=\"noopener noreferrer nofollow noindex\"\n\t\t\t\t\t\t\t\t\t>\n\t\t\t\t\t\t\t\t\t\tOutlook 365\t\t\t\t\t\t\t\t\t<\/a>\n\t\t\t\t\t\t\t\t<\/li>\n\t\t\t\t\t\t\t\t\t\t\t\t\t\t\t<li class=\"tribe-events-c-subscribe-dropdown__list-item tribe-events-c-subscribe-dropdown__list-item--outlook-live\">\n\t\t\t\t\t\t\t\t\t<a\n\t\t\t\t\t\t\t\t\t\thref=\"\"\n\t\t\t\t\t\t\t\t\t\tclass=\"tribe-events-c-subscribe-dropdown__list-item-link\"\n\t\t\t\t\t\t\t\t\t\ttarget=\"_blank\"\n\t\t\t\t\t\t\t\t\t\trel=\"noopener noreferrer nofollow noindex\"\n\t\t\t\t\t\t\t\t\t>\n\t\t\t\t\t\t\t\t\t\tOutlook Live\t\t\t\t\t\t\t\t\t<\/a>\n\t\t\t\t\t\t\t\t<\/li>\n\t\t\t\t\t\t\t\t\t\t\t\t\t<\/ul>\n\t\t\t\t\t<\/div>\n\t\t\t\t<\/div>\n\t\t\t<\/div>\n\t\t<\/div>\n\t<\/div>","excerpt":"","slug":"die-wunderbare-heilkraft-des-atems-2","image":{"url":"https:\/\/atemhaus-hubertushof.de\/wp-content\/uploads\/12-1.png","id":11214,"extension":"png","width":1181,"height":1181,"filesize":1738324,"sizes":{"medium":{"width":300,"height":300,"mime-type":"image\/png","filesize":146800,"url":"https:\/\/atemhaus-hubertushof.de\/wp-content\/uploads\/12-1-300x300.png"},"large":{"width":1024,"height":1024,"mime-type":"image\/png","filesize":1270072,"url":"https:\/\/atemhaus-hubertushof.de\/wp-content\/uploads\/12-1-1024x1024.png"},"thumbnail":{"width":150,"height":150,"mime-type":"image\/png","filesize":42494,"url":"https:\/\/atemhaus-hubertushof.de\/wp-content\/uploads\/12-1-150x150.png"},"medium_large":{"width":768,"height":768,"mime-type":"image\/png","filesize":769363,"url":"https:\/\/atemhaus-hubertushof.de\/wp-content\/uploads\/12-1-768x768.png"},"trp-custom-language-flag":{"width":12,"height":12,"mime-type":"image\/png","filesize":644,"url":"https:\/\/atemhaus-hubertushof.de\/wp-content\/uploads\/12-1-12x12.png"},"cmplz_banner_image":{"width":350,"height":100,"mime-type":"image\/png","filesize":79153,"url":"https:\/\/atemhaus-hubertushof.de\/wp-content\/uploads\/12-1-350x100.png"}}},"all_day":false,"start_date":"2026-01-30 18:00:00","start_date_details":{"year":"2026","month":"01","day":"30","hour":"18","minutes":"00","seconds":"00"},"end_date":"2026-02-02 19:00:00","end_date_details":{"year":"2026","month":"02","day":"02","hour":"19","minutes":"00","seconds":"00"},"utc_start_date":"2026-01-30 17:00:00","utc_start_date_details":{"year":"2026","month":"01","day":"30","hour":"17","minutes":"00","seconds":"00"},"utc_end_date":"2026-02-02 18:00:00","utc_end_date_details":{"year":"2026","month":"02","day":"02","hour":"18","minutes":"00","seconds":"00"},"timezone":"Europe\/Berlin","timezone_abbr":"","cost":"","cost_details":{"currency_symbol":"\u20ac","currency_code":"EUR","currency_position":"prefix","values":[]},"website":"","show_map":false,"show_map_link":false,"hide_from_listings":false,"sticky":false,"featured":false,"categories":[],"tags":[],"venue":{"id":1270,"author":"4","status":"publish","date":"2022-01-18 19:39:58","date_utc":"2022-01-18 19:39:58","modified":"2023-12-18 10:25:51","modified_utc":"2023-12-18 09:25:51","url":"https:\/\/atemhaus-hubertushof.de\/en\/venue\/atemhaus-hubertushof\/","venue":"Atemhaus Hubertushof","slug":"atemhaus-hubertushof","address":"Poppenberg 5","city":"Immenreuth","country":"Deutschland","province":"Bayern","zip":"95505","phone":"+49 9642 - 6913 100","stateprovince":"Bayern","json_ld":{"@type":"Place","name":"Atemhaus Hubertushof","description":"","url":"","address":{"@type":"PostalAddress","streetAddress":"Poppenberg 5","addressLocality":"Immenreuth","addressRegion":"Bayern","postalCode":"95505","addressCountry":"Deutschland"},"telephone":"+49 9642 - 6913 100","sameAs":""},"show_map":true,"show_map_link":true,"global_id":"atemhaus-hubertushof.de\/en?id=1270","global_id_lineage":["atemhaus-hubertushof.de\/en?id=1270"]},"organizer":[{"id":1271,"author":"4","status":"publish","date":"2022-01-18 19:39:58","date_utc":"2022-01-18 19:39:58","modified":"2022-01-18 19:39:58","modified_utc":"2022-01-18 19:39:58","url":"https:\/\/atemhaus-hubertushof.de\/en\/organiser\/inbreath-institut-fuer-atemtherapie-und-transformelles-wachstum\/","organizer":"&#8222;InBreath&#8220; Institut f\u00fcr Atemtherapie und transformelles Wachstum","slug":"inbreath-institut-fuer-atemtherapie-und-transformelles-wachstum","phone":"+49 9642 - 6913 100","website":"https:\/\/www.inbreath.org","email":"info@inbreath.org","json_ld":{"@type":"Person","name":"&#8222;InBreath&#8220; Institut f\u00fcr Atemtherapie und transformelles Wachstum","description":"","url":"https:\/\/www.inbreath.org","telephone":"+49 9642 - 6913 100","email":"info&#64;&#105;&#110;&#98;&#114;&#101;&#97;t&#104;&#46;&#111;&#114;&#103;","sameAs":"https:\/\/www.inbreath.org"},"global_id":"atemhaus-hubertushof.de\/en?id=1271","global_id_lineage":["atemhaus-hubertushof.de\/en?id=1271"]}],"custom_fields":[],"json_ld":{"@context":"http:\/\/schema.org","@type":"Event","name":"Die Wunderbare Heilkraft des Atems","description":"&lt;p&gt;Einf\u00fchrung in die bewusste Atemarbeit (Atemtherapie) Ein Wochenende mit Atem\u00fcbungen und K\u00f6rperarbeit sowie 2 integrativen Atemsitzungen mit toller Musikuntermalung. Stressabbau, Blockaden l\u00f6sen und frische Energie tanken sind unsere Ziele f\u00fcr&hellip;&lt;\/p&gt;\\n","image":"https:\/\/atemhaus-hubertushof.de\/wp-content\/uploads\/12-1.png","url":"https:\/\/atemhaus-hubertushof.de\/en\/veranstaltungen\/die-wunderbare-heilkraft-des-atems-2\/","eventAttendanceMode":"https:\/\/schema.org\/OfflineEventAttendanceMode","eventStatus":"https:\/\/schema.org\/EventScheduled","startDate":"2026-01-30T18:00:00+01:00","endDate":"2026-02-02T19:00:00+01:00","location":{"@type":"Place","name":"Atemhaus Hubertushof","description":"","url":"","address":{"@type":"PostalAddress","streetAddress":"Poppenberg 5","addressLocality":"Immenreuth","addressRegion":"Bayern","postalCode":"95505","addressCountry":"Deutschland"},"telephone":"+49 9642 - 6913 100","sameAs":""},"organizer":{"@type":"Person","name":"&#8222;InBreath&#8220; Institut f\u00fcr Atemtherapie und transformelles Wachstum","description":"","url":"https:\/\/www.inbreath.org","telephone":"+49 9642 - 6913 100","email":"i&#110;fo&#64;in&#98;&#114;e&#97;&#116;h.o&#114;&#103;","sameAs":"https:\/\/www.inbreath.org"},"performer":"Organization"}}